{"id":2993,"date":"2026-03-13T09:34:40","date_gmt":"2026-03-13T09:34:40","guid":{"rendered":"https:\/\/ificumori.it\/?p=2993"},"modified":"2026-03-13T09:35:47","modified_gmt":"2026-03-13T09:35:47","slug":"autunno-a-modica-la-dolce-stagione","status":"publish","type":"post","link":"https:\/\/ificumori.it\/en\/autunno-a-modica-la-dolce-stagione\/","title":{"rendered":"Autunno a Modica, la dolce stagione"},"content":{"rendered":"<p>Clima mite, cielo terso e generose fioriture di gelsomini e bounganville: l\u2019autunno \u00e8 la stagione ideale per visitare Modica.<\/p>\n\n\n\n<p>La citt\u00e0 del barocco e del cioccolato offre il meglio di s\u00e8 nei mesi di settembre e ottobre, e a volte fino a novembre inoltrato: la temperatura arriva a 25 gradi e la vegetazione d\u00e0 spettacolo con i colori delle ancora abbondanti fioriture, del fogliage e dei frutti dei fichi d\u2019india e melograni che incorniciano i tanti giardini nascosti tra i vicoli della citt\u00e0 di pietra.<\/p>\n\n\n\n<figure class=\"wp-block-gallery has-nested-images columns-default is-cropped wp-block-gallery-1 is-layout-flex wp-block-gallery-is-layout-flex\">\n<figure class=\"wp-block-image size-full\"><img loading=\"lazy\" decoding=\"async\" width=\"300\" height=\"400\" data-id=\"2883\" src=\"https:\/\/ificumori.it\/wp-content\/uploads\/2026\/03\/imageye___-_Autunno-a-Modica-2.webp\" alt=\"\" class=\"wp-image-2883\" srcset=\"https:\/\/ificumori.it\/wp-content\/uploads\/2026\/03\/imageye___-_Autunno-a-Modica-2.webp 300w, https:\/\/ificumori.it\/wp-content\/uploads\/2026\/03\/imageye___-_Autunno-a-Modica-2-225x300.webp 225w, https:\/\/ificumori.it\/wp-content\/uploads\/2026\/03\/imageye___-_Autunno-a-Modica-2-9x12.webp 9w\" sizes=\"auto, (max-width: 300px) 100vw, 300px\" \/><figcaption class=\"wp-element-caption\">1<\/figcaption><\/figure>\n\n\n\n<figure class=\"wp-block-image size-large\"><img loading=\"lazy\" decoding=\"async\" width=\"300\" height=\"225\" data-id=\"2882\" src=\"https:\/\/ificumori.it\/wp-content\/uploads\/2026\/03\/imageye___-_Autunno-a-Modica-1.webp\" alt=\"\" class=\"wp-image-2882\" srcset=\"https:\/\/ificumori.it\/wp-content\/uploads\/2026\/03\/imageye___-_Autunno-a-Modica-1.webp 300w, https:\/\/ificumori.it\/wp-content\/uploads\/2026\/03\/imageye___-_Autunno-a-Modica-1-16x12.webp 16w\" sizes=\"auto, (max-width: 300px) 100vw, 300px\" \/><figcaption class=\"wp-element-caption\">2<\/figcaption><\/figure>\n\n\n\n<figure class=\"wp-block-image size-large\"><img loading=\"lazy\" decoding=\"async\" width=\"300\" height=\"400\" data-id=\"2881\" src=\"https:\/\/ificumori.it\/wp-content\/uploads\/2026\/03\/imageye___-_Autunno-a-Modica.webp\" alt=\"\" class=\"wp-image-2881\" srcset=\"https:\/\/ificumori.it\/wp-content\/uploads\/2026\/03\/imageye___-_Autunno-a-Modica.webp 300w, https:\/\/ificumori.it\/wp-content\/uploads\/2026\/03\/imageye___-_Autunno-a-Modica-225x300.webp 225w, https:\/\/ificumori.it\/wp-content\/uploads\/2026\/03\/imageye___-_Autunno-a-Modica-9x12.webp 9w\" sizes=\"auto, (max-width: 300px) 100vw, 300px\" \/><figcaption class=\"wp-element-caption\">3<\/figcaption><\/figure>\n<\/figure>\n\n\n\n<ol class=\"wp-block-list\">\n<li>Il tipico muretto a secco di pietra modicana sormontato da una splendida fioritura giallo sole sullo sfondo lo scorcio della torre dell\u2019orologio.<\/li>\n\n\n\n<li>La confusione dell\u2019estate \u00e8 lontana ma la citt\u00e0 \u00e8 viva, con il passeggio che anima il corso Umberto fuori e dentro i suoi caff\u00e8, le botteghe artigiane \u2013 dove si fabbrica il famoso cioccolato modicano, secondo la ricetta atzeca \u2013 i negozi e le boutique eleganti.<\/li>\n\n\n\n<li>Il duomo di San Giorgio visto dalla famosa scalinata rivestita di gelsomini e bounganville.<\/li>\n<\/ol>","protected":false},"excerpt":{"rendered":"<p>Clima mite, cielo terso e generose fioriture di gelsomini e bounganville: l\u2019autunno \u00e8 la stagione ideale per visitare Modica. La citt\u00e0 del barocco e del cioccolato offre il meglio di s\u00e8 nei mesi di settembre e ottobre, e a volte fino a novembre inoltrato: la temperatura arriva a 25 gradi e la vegetazione d\u00e0 spettacolo [&hellip;]<\/p>\n","protected":false},"author":2,"featured_media":2880,"comment_status":"closed","ping_status":"open","sticky":false,"template":"","format":"standard","meta":{"_breakdance_hide_in_design_set":false,"_breakdance_tags":"","footnotes":""},"categories":[21],"tags":[],"class_list":["post-2993","post","type-post","status-publish","format-standard","has-post-thumbnail","hentry","category-cosa-visitare"],"_links":{"self":[{"href":"https:\/\/ificumori.it\/en\/wp-json\/wp\/v2\/posts\/2993","targetHints":{"allow":["GET"]}}],"collection":[{"href":"https:\/\/ificumori.it\/en\/wp-json\/wp\/v2\/posts"}],"about":[{"href":"https:\/\/ificumori.it\/en\/wp-json\/wp\/v2\/types\/post"}],"author":[{"embeddable":true,"href":"https:\/\/ificumori.it\/en\/wp-json\/wp\/v2\/users\/2"}],"replies":[{"embeddable":true,"href":"https:\/\/ificumori.it\/en\/wp-json\/wp\/v2\/comments?post=2993"}],"version-history":[{"count":2,"href":"https:\/\/ificumori.it\/en\/wp-json\/wp\/v2\/posts\/2993\/revisions"}],"predecessor-version":[{"id":2995,"href":"https:\/\/ificumori.it\/en\/wp-json\/wp\/v2\/posts\/2993\/revisions\/2995"}],"wp:featuredmedia":[{"embeddable":true,"href":"https:\/\/ificumori.it\/en\/wp-json\/wp\/v2\/media\/2880"}],"wp:attachment":[{"href":"https:\/\/ificumori.it\/en\/wp-json\/wp\/v2\/media?parent=2993"}],"wp:term":[{"taxonomy":"category","embeddable":true,"href":"https:\/\/ificumori.it\/en\/wp-json\/wp\/v2\/categories?post=2993"},{"taxonomy":"post_tag","embeddable":true,"href":"https:\/\/ificumori.it\/en\/wp-json\/wp\/v2\/tags?post=2993"}],"curies":[{"name":"wp","href":"https:\/\/api.w.org\/{rel}","templated":true}]}}